[{"@context":"https:\/\/schema.org\/","@type":"Article","@id":"https:\/\/www.dedpo.sk\/postavte-si-dom-s-balkonom-ci-terasou\/#Article","mainEntityOfPage":"https:\/\/www.dedpo.sk\/postavte-si-dom-s-balkonom-ci-terasou\/","headline":"Postavte si dom s balk\u00f3nom \u010di terasou","name":"Postavte si dom s balk\u00f3nom \u010di terasou","description":"Svoj dom sa sna\u017e\u00edme ma\u0165 v\u017edy \u010do naj\u00fatulnej\u0161\u00ed, preto\u017ee chceme aby bolo z neho c\u00edti\u0165 \u010do najlep\u0161ie atmosf\u00e9ru skuto\u010dn\u00e9ho miluj\u00faceho &hellip; ","datePublished":"2019-07-13","dateModified":"2023-04-26","author":{"@type":"Person","@id":"https:\/\/www.dedpo.sk\/author\/#Person","name":"","url":"https:\/\/www.dedpo.sk\/author\/","identifier":1,"image":{"@type":"ImageObject","@id":"https:\/\/secure.gravatar.com\/avatar\/8497d718f60c891079802e88ae93b6c100d284127a9ef9549781b221f13b4bab?s=96&d=mm&r=g","url":"https:\/\/secure.gravatar.com\/avatar\/8497d718f60c891079802e88ae93b6c100d284127a9ef9549781b221f13b4bab?s=96&d=mm&r=g","height":96,"width":96}},"publisher":{"@type":"Organization","name":"dedpo.sk","logo":{"@type":"ImageObject","@id":"\/logo.png","url":"\/logo.png","width":600,"height":60}},"image":{"@type":"ImageObject","@id":"https:\/\/www.dedpo.sk\/wp-content\/uploads\/img_a306109_w16880_t1568379662.jpg","url":"https:\/\/www.dedpo.sk\/wp-content\/uploads\/img_a306109_w16880_t1568379662.jpg","height":0,"width":0},"url":"https:\/\/www.dedpo.sk\/postavte-si-dom-s-balkonom-ci-terasou\/","about":["V\u00fdrobky"],"wordCount":392,"articleBody":"           Svoj dom sa sna\u017e\u00edme ma\u0165 v\u017edy \u010do naj\u00fatulnej\u0161\u00ed, preto\u017ee chceme aby bolo z neho c\u00edti\u0165 \u010do najlep\u0161ie atmosf\u00e9ru skuto\u010dn\u00e9ho miluj\u00faceho domova. Zaria\u010fujeme si pod\u013ea seba ka\u017ed\u00fa mali\u010dkos\u0165 a chceme sa tu so svojou rodinou c\u00edti\u0165 \u010do najpohodlnej\u0161ie. Jednou z ve\u013emi \u0161t\u00fdlov\u00fdch, ale aj praktick\u00fdch vymo\u017eenost\u00ed, dne\u0161nej doby s\u00fa ve\u013ek\u00e9 balk\u00f3ny \u010di terasy, ktor\u00e9 n\u00e1m poskytuj\u00fa e\u0161te viac mo\u017enost\u00ed tr\u00e1venia \u010dasu doma.  S\u00fa skvel\u00fdm sp\u00f4sobom oddychu \u010di u\u017e v lete, alebo na jar. Ak si ich zariadime pod\u013ea na\u0161ich \u0161tandardov, dok\u00e1\u017eu n\u00e1m poskytn\u00fa\u0165 ve\u013emi pr\u00edjemn\u00e9 z\u00e1zemie dokonca aj na jese\u0148, alebo v zime. V lete sa m\u00f4\u017eeme na nich opa\u013eova\u0165 a oddychova\u0165, vypi\u0165 si tu chutn\u00fa rann\u00fa k\u00e1vu pred pr\u00e1cou alebo in\u00fdmi povinnos\u0165ami, letn\u00e9 ve\u010dery vieme str\u00e1vi\u0165 grilovan\u00edm alebo inou pr\u00edjemnou vo\u013eno \u010dasovou aktivitou. Vieme sa tu aj pohodlne naobedova\u0165, nara\u0148ajkova\u0165 \u010di nave\u010dera\u0165. Niektor\u00e9 rodiny tr\u00e1via na svojich teras\u00e1ch dokonca aj viac \u010dasu, ako napr\u00edklad vo svojej ob\u00fdva\u010dke. Tak\u00fdto balk\u00f3n, \u010di terasa by v\u0161ak mala by\u0165 kvalitne zabezpe\u010den\u00e1 pred p\u00e1dom, napr\u00edklad ak m\u00e1te deti, ale v pr\u00edpade balk\u00f3nov pre celkov\u00fa bezpe\u010dnos\u0165. Nerezov\u00e9 balk\u00f3nov\u00e9 z\u00e1bradlie predstavuje kvalitn\u00fa alternat\u00edvu bezpe\u010dnosti, ktor\u00e1 v\u00e1s nesklame. Kvalitn\u00fd nerezov\u00fd materi\u00e1l je bezpe\u010dn\u00fd a trv\u00e1cny, nemus\u00edte sa teda ob\u00e1va\u0165 jeho \u010dasov\u00e9ho po\u0161kodenia. So spr\u00e1vnou starostlivos\u0165ou o tento materi\u00e1l v\u00e1m m\u00f4\u017ee dokonca vydr\u017ea\u0165 aj do konca \u017eivota.Zaria\u010fte si preto svoj balk\u00f3n \u010di terasu tak, aby sme nemuseli ma\u0165 strach a mohli ste sa na ne spo\u013eahn\u00fa\u0165. Tak\u00e9to z\u00e1bradlia samozrejme okrem svojej bezpochybnej bezpe\u010dnosti predstavuj\u00fa aj ve\u013emi modern\u00fd a \u0161t\u00fdlov\u00fd doplnok, ktor\u00fd pekne dolad\u00ed celkov\u00fd vzh\u013ead v\u00e1\u0161ho nov\u00e9ho domu. S\u00fa jednouch\u00fdm a minimalistick\u00fdm prvkom do ka\u017edej dom\u00e1cnosti, ktor\u00e1 sa pok\u00fa\u0161a o svoje modern\u00e9 znovuzrodenie. Zvo\u013ete si ho v r\u00f4znych farebn\u00fdch prevedeniach, bez v\u00fdplne \u010di so sklenenou v\u00fdpl\u0148ou pre e\u0161te vy\u0161\u0161iu bezpe\u010dnos\u0165.                                                                                                                                                                                                                                                                                                                                                                                           4.6\/5 - (7 votes)        "},{"@context":"https:\/\/schema.org\/","@type":"BreadcrumbList","itemListElement":[{"@type":"ListItem","position":1,"name":"Postavte si dom s balk\u00f3nom \u010di terasou","item":"https:\/\/www.dedpo.sk\/postavte-si-dom-s-balkonom-ci-terasou\/#breadcrumbitem"}]}]