{"@context":"https:\/\/schema.org\/","@type":"CollectionPage","@id":"https:\/\/www.dedpo.sk\/moda\/#CollectionPage","headline":"M\u00f3da Category","description":"","url":"https:\/\/www.dedpo.sk\/moda\/","hasPart":[{"@type":"Article","@id":"https:\/\/www.dedpo.sk\/ako-sa-starat-o-damsky-kabat-aby-sluzil-niekolko-sezon\/","headline":"Ako sa stara\u0165 o d\u00e1msky kab\u00e1t, aby sl\u00fa\u017eil nieko\u013eko sez\u00f3n?","url":"https:\/\/www.dedpo.sk\/ako-sa-starat-o-damsky-kabat-aby-sluzil-niekolko-sezon\/","datePublished":"2025-09-21","dateModified":"2025-09-21","mainEntityOfPage":"https:\/\/www.dedpo.sk\/ako-sa-starat-o-damsky-kabat-aby-sluzil-niekolko-sezon\/","author":{"@type":"Person","@id":"https:\/\/www.dedpo.sk\/author\/#Person","name":"","url":"https:\/\/www.dedpo.sk\/author\/","identifier":1,"image":{"@type":"ImageObject","@id":"https:\/\/secure.gravatar.com\/avatar\/8497d718f60c891079802e88ae93b6c100d284127a9ef9549781b221f13b4bab?s=96&d=mm&r=g","url":"https:\/\/secure.gravatar.com\/avatar\/8497d718f60c891079802e88ae93b6c100d284127a9ef9549781b221f13b4bab?s=96&d=mm&r=g","height":96,"width":96}},"publisher":{"@type":"Organization","name":"dedpo.sk","logo":{"@type":"ImageObject","@id":"\/logo.png","url":"\/logo.png","width":600,"height":60}},"image":{"@type":"ImageObject","@id":"https:\/\/www.dedpo.sk\/wp-content\/uploads\/damsky_kabat_RbenYN.png","url":"https:\/\/www.dedpo.sk\/wp-content\/uploads\/damsky_kabat_RbenYN.png","height":0,"width":0},"keywords":null},{"@type":"Article","@id":"https:\/\/www.dedpo.sk\/oblecte-sa-podla-pocasia\/","headline":"Oble\u010dte sa pod\u013ea po\u010dasia","url":"https:\/\/www.dedpo.sk\/oblecte-sa-podla-pocasia\/","datePublished":"2024-03-02","dateModified":"2024-03-02","mainEntityOfPage":"https:\/\/www.dedpo.sk\/oblecte-sa-podla-pocasia\/","author":{"@type":"Person","@id":"https:\/\/www.dedpo.sk\/author\/#Person","name":"","url":"https:\/\/www.dedpo.sk\/author\/","identifier":1,"image":{"@type":"ImageObject","@id":"https:\/\/secure.gravatar.com\/avatar\/8497d718f60c891079802e88ae93b6c100d284127a9ef9549781b221f13b4bab?s=96&d=mm&r=g","url":"https:\/\/secure.gravatar.com\/avatar\/8497d718f60c891079802e88ae93b6c100d284127a9ef9549781b221f13b4bab?s=96&d=mm&r=g","height":96,"width":96}},"publisher":{"@type":"Organization","name":"dedpo.sk","logo":{"@type":"ImageObject","@id":"\/logo.png","url":"\/logo.png","width":600,"height":60}},"image":{"@type":"ImageObject","@id":"https:\/\/www.dedpo.sk\/wp-content\/uploads\/ai-generated-8919665_640_1.jpg","url":"https:\/\/www.dedpo.sk\/wp-content\/uploads\/ai-generated-8919665_640_1.jpg","height":0,"width":0},"keywords":null},{"@type":"Article","@id":"https:\/\/www.dedpo.sk\/vzhlad-nie-je-najdolezitejsi\/","headline":"Vzh\u013ead nie je najd\u00f4le\u017eitej\u0161\u00ed","url":"https:\/\/www.dedpo.sk\/vzhlad-nie-je-najdolezitejsi\/","datePublished":"2023-10-29","dateModified":"2024-04-29","mainEntityOfPage":"https:\/\/www.dedpo.sk\/vzhlad-nie-je-najdolezitejsi\/","author":{"@type":"Person","@id":"https:\/\/www.dedpo.sk\/author\/#Person","name":"","url":"https:\/\/www.dedpo.sk\/author\/","identifier":1,"image":{"@type":"ImageObject","@id":"https:\/\/secure.gravatar.com\/avatar\/8497d718f60c891079802e88ae93b6c100d284127a9ef9549781b221f13b4bab?s=96&d=mm&r=g","url":"https:\/\/secure.gravatar.com\/avatar\/8497d718f60c891079802e88ae93b6c100d284127a9ef9549781b221f13b4bab?s=96&d=mm&r=g","height":96,"width":96}},"publisher":{"@type":"Organization","name":"dedpo.sk","logo":{"@type":"ImageObject","@id":"\/logo.png","url":"\/logo.png","width":600,"height":60}},"image":{"@type":"ImageObject","@id":"https:\/\/www.dedpo.sk\/wp-content\/uploads\/woman-5706482_640_1.jpg","url":"https:\/\/www.dedpo.sk\/wp-content\/uploads\/woman-5706482_640_1.jpg","height":0,"width":0},"keywords":null},{"@type":"Article","@id":"https:\/\/www.dedpo.sk\/trendy-v-obleceni-na-rok-2024\/","headline":"Trendy v oble\u010den\u00ed na rok 2024","url":"https:\/\/www.dedpo.sk\/trendy-v-obleceni-na-rok-2024\/","datePublished":"2023-07-08","dateModified":"2024-01-08","mainEntityOfPage":"https:\/\/www.dedpo.sk\/trendy-v-obleceni-na-rok-2024\/","author":{"@type":"Person","@id":"https:\/\/www.dedpo.sk\/author\/#Person","name":"","url":"https:\/\/www.dedpo.sk\/author\/","identifier":1,"image":{"@type":"ImageObject","@id":"https:\/\/secure.gravatar.com\/avatar\/8497d718f60c891079802e88ae93b6c100d284127a9ef9549781b221f13b4bab?s=96&d=mm&r=g","url":"https:\/\/secure.gravatar.com\/avatar\/8497d718f60c891079802e88ae93b6c100d284127a9ef9549781b221f13b4bab?s=96&d=mm&r=g","height":96,"width":96}},"publisher":{"@type":"Organization","name":"dedpo.sk","logo":{"@type":"ImageObject","@id":"\/logo.png","url":"\/logo.png","width":600,"height":60}},"image":{"@type":"ImageObject","@id":"https:\/\/www.dedpo.sk\/wp-content\/uploads\/930684_svetlohnede-elegantne-sako.jpg","url":"https:\/\/www.dedpo.sk\/wp-content\/uploads\/930684_svetlohnede-elegantne-sako.jpg","height":0,"width":0},"keywords":null},{"@type":"Article","@id":"https:\/\/www.dedpo.sk\/jesenzima-20212022\/","headline":"Jese\u0148\/zima 2021\/2022","url":"https:\/\/www.dedpo.sk\/jesenzima-20212022\/","datePublished":"2021-10-11","dateModified":"2023-04-26","mainEntityOfPage":"https:\/\/www.dedpo.sk\/jesenzima-20212022\/","author":{"@type":"Person","@id":"https:\/\/www.dedpo.sk\/author\/#Person","name":"","url":"https:\/\/www.dedpo.sk\/author\/","identifier":1,"image":{"@type":"ImageObject","@id":"https:\/\/secure.gravatar.com\/avatar\/8497d718f60c891079802e88ae93b6c100d284127a9ef9549781b221f13b4bab?s=96&d=mm&r=g","url":"https:\/\/secure.gravatar.com\/avatar\/8497d718f60c891079802e88ae93b6c100d284127a9ef9549781b221f13b4bab?s=96&d=mm&r=g","height":96,"width":96}},"publisher":{"@type":"Organization","name":"dedpo.sk","logo":{"@type":"ImageObject","@id":"\/logo.png","url":"\/logo.png","width":600,"height":60}},"image":{"@type":"ImageObject","@id":"https:\/\/www.dedpo.sk\/wp-content\/uploads\/people-2594683_960_720.jpg","url":"https:\/\/www.dedpo.sk\/wp-content\/uploads\/people-2594683_960_720.jpg","height":0,"width":0},"keywords":null}]}